{"id":1526,"date":"2018-12-09T18:59:32","date_gmt":"2018-12-09T17:59:32","guid":{"rendered":"https:\/\/www.bnb-villafontane.com\/?p=1526"},"modified":"2018-12-15T18:04:24","modified_gmt":"2018-12-15T17:04:24","slug":"la-creche-de-maxime-codou-un-spectacle-unique-en-provence","status":"publish","type":"post","link":"https:\/\/www.bnb-villafontane.com\/fr\/la-creche-de-maxime-codou-un-spectacle-unique-en-provence\/","title":{"rendered":"La Cr\u00e8che de Maxime Codou, un spectacle unique en Provence !"},"content":{"rendered":"<p><img decoding=\"async\" class=\"size-medium wp-image-1527 aligncenter\" src=\"https:\/\/www.bnb-villafontane.com\/wp-content\/uploads\/2018\/12\/la-creche-de-maxime-codou_4621299_1-212x300.jpg\" alt=\"\" width=\"212\" height=\"300\" srcset=\"https:\/\/www.bnb-villafontane.com\/wp-content\/uploads\/2018\/12\/la-creche-de-maxime-codou_4621299_1-212x300.jpg 212w, https:\/\/www.bnb-villafontane.com\/wp-content\/uploads\/2018\/12\/la-creche-de-maxime-codou_4621299_1-768x1086.jpg 768w, https:\/\/www.bnb-villafontane.com\/wp-content\/uploads\/2018\/12\/la-creche-de-maxime-codou_4621299_1-724x1024.jpg 724w, https:\/\/www.bnb-villafontane.com\/wp-content\/uploads\/2018\/12\/la-creche-de-maxime-codou_4621299_1.jpg 849w\" sizes=\"(max-width: 212px) 100vw, 212px\" \/><\/p>\n<p>&nbsp;<\/p>\n<p style=\"text-align: center;\">Au total pr\u00e8s de 4000 santons, tous sculpt\u00e9s et peints \u00e0 la main, prennent vie dans un immense d\u00e9cor naturel entre traditions et modernit\u00e9. Dans un cadre somptueux, la Chapelle Saint-Jean datant du 17e si\u00e8cle. Passionn\u00e9 depuis toujours par la tradition et le monde des cr\u00e8ches proven\u00e7ales, la cr\u00e8che de Maxime Codou est compos\u00e9e uniquement de santons de Provence de 7cm con\u00e7us par les santonniers de Provence et par lui-m\u00eame. La cr\u00e8che a une surface de pr\u00e8s de 100 m\u00b2 sur deux \u00e9tages et trois salles pour plus de 4000 santons.<\/p>\n","protected":false},"excerpt":{"rendered":"<p>&nbsp; Au total pr\u00e8s de 4000 santons, tous sculpt\u00e9s et peints \u00e0 la main, prennent vie dans un immense d\u00e9cor naturel entre traditions et modernit\u00e9. Dans un cadre somptueux, la Chapelle Saint-Jean datant du 17e si\u00e8cle. Passionn\u00e9 depuis toujours par la tradition et le monde des cr\u00e8ches proven\u00e7ales, la cr\u00e8che de Maxime Codou est compos\u00e9e uniquement de santons de Provence de 7cm con\u00e7us par les santonniers de Provence et par lui-m\u00eame. La cr\u00e8che a une surface de pr\u00e8s de 100 m\u00b2 sur deux \u00e9tages et trois salles pour plus de [&hellip;]<\/p>\n","protected":false},"author":2,"featured_media":1590,"comment_status":"open","ping_status":"open","sticky":false,"template":"","format":"standard","meta":{"_acf_changed":false,"_seopress_robots_primary_cat":"","_seopress_titles_title":"","_seopress_titles_desc":"","_seopress_robots_index":"","footnotes":""},"categories":[15],"class_list":{"0":"post-1526","1":"post","2":"type-post","3":"status-publish","4":"format-standard","5":"has-post-thumbnail","7":"category-actualites"},"acf":[],"_links":{"self":[{"href":"https:\/\/www.bnb-villafontane.com\/fr\/wp-json\/wp\/v2\/posts\/1526","targetHints":{"allow":["GET"]}}],"collection":[{"href":"https:\/\/www.bnb-villafontane.com\/fr\/wp-json\/wp\/v2\/posts"}],"about":[{"href":"https:\/\/www.bnb-villafontane.com\/fr\/wp-json\/wp\/v2\/types\/post"}],"author":[{"embeddable":true,"href":"https:\/\/www.bnb-villafontane.com\/fr\/wp-json\/wp\/v2\/users\/2"}],"replies":[{"embeddable":true,"href":"https:\/\/www.bnb-villafontane.com\/fr\/wp-json\/wp\/v2\/comments?post=1526"}],"version-history":[{"count":0,"href":"https:\/\/www.bnb-villafontane.com\/fr\/wp-json\/wp\/v2\/posts\/1526\/revisions"}],"wp:featuredmedia":[{"embeddable":true,"href":"https:\/\/www.bnb-villafontane.com\/fr\/wp-json\/wp\/v2\/media\/1590"}],"wp:attachment":[{"href":"https:\/\/www.bnb-villafontane.com\/fr\/wp-json\/wp\/v2\/media?parent=1526"}],"wp:term":[{"taxonomy":"category","embeddable":true,"href":"https:\/\/www.bnb-villafontane.com\/fr\/wp-json\/wp\/v2\/categories?post=1526"}],"curies":[{"name":"wp","href":"https:\/\/api.w.org\/{rel}","templated":true}]}}